{"id":1241,"date":"2025-09-16T01:20:25","date_gmt":"2025-09-16T05:20:25","guid":{"rendered":"https:\/\/whco.music\/?p=1241"},"modified":"2025-11-11T01:09:02","modified_gmt":"2025-11-11T06:09:02","slug":"nanci-belmont","status":"publish","type":"post","link":"https:\/\/whco.music\/es\/people\/nanci-belmont\/","title":{"rendered":"Nanci Belmont"},"content":{"rendered":"<h2 class=\"wp-block-heading has-text-align-center\">Fagot<\/h2>\n\n\n\n<div class=\"wp-block-group has-global-padding is-layout-constrained wp-container-core-group-is-layout-34b4b604 wp-block-group-is-layout-constrained\" style=\"margin-bottom:var(--wp--preset--spacing--50);padding-right:3.5vw;padding-bottom:var(--wp--preset--spacing--60);padding-left:3.5vw\">\n<div class=\"wp-block-group is-nowrap is-layout-flex wp-container-core-group-is-layout-e8b0e0b2 wp-block-group-is-layout-flex\">\n<p class=\"wp-container-content-9e2f13cb wp-block-paragraph\">El fagotista, un \"solista l\u00edrico\" con \"una interpretaci\u00f3n hermosa tanto en el tono como en la t\u00e9cnica\". <strong>Nanci Belmont<\/strong> est\u00e1 muy solicitada como solista, m\u00fasico de c\u00e1mara y m\u00fasico de orquesta. Es Artista Int\u00e9rprete de Fagotes Leitzinger y ganadora del Segundo Premio del Concurso Gillet-Fox 2016 de la International Double Reed Society y act\u00faa en ciclos y festivales de todo el pa\u00eds. Activa en la escena de la m\u00fasica contempor\u00e1nea, es miembro del quinteto de viento City of Tomorrow y ha colaborado con Talea ensemble, International Contemporary Ensemble, Lucerne Festival Contemporary Orchestra y Alarm Will Sound. En la actualidad, Nanci es profesora adjunta de fagot en la Universidad Estatal de Luisiana.<\/p>\n\n\n\n<figure class=\"wp-block-image size-medium single-prof wp-container-content-e16604df\"><img data-recalc-dims=\"1\" loading=\"lazy\" decoding=\"async\" width=\"300\" height=\"300\" data-attachment-id=\"1242\" data-permalink=\"https:\/\/whco.music\/es\/people\/nanci-belmont\/attachment\/nanci-belmont-bassoon\/\" data-orig-file=\"https:\/\/i0.wp.com\/whco.music\/wp-content\/uploads\/2025\/09\/Nanci-Belmont-bassoon.png?fit=1080%2C1080&amp;ssl=1\" data-orig-size=\"1080,1080\" data-comments-opened=\"1\" data-image-meta=\"{&quot;aperture&quot;:&quot;0&quot;,&quot;credit&quot;:&quot;&quot;,&quot;camera&quot;:&quot;&quot;,&quot;caption&quot;:&quot;&quot;,&quot;created_timestamp&quot;:&quot;0&quot;,&quot;copyright&quot;:&quot;&quot;,&quot;focal_length&quot;:&quot;0&quot;,&quot;iso&quot;:&quot;0&quot;,&quot;shutter_speed&quot;:&quot;0&quot;,&quot;title&quot;:&quot;&quot;,&quot;orientation&quot;:&quot;0&quot;}\" data-image-title=\"Nanci Belmont &amp;#8211; bassoon\" data-image-description=\"\" data-image-caption=\"\" data-large-file=\"https:\/\/i0.wp.com\/whco.music\/wp-content\/uploads\/2025\/09\/Nanci-Belmont-bassoon.png?fit=1024%2C1024&amp;ssl=1\" src=\"https:\/\/i0.wp.com\/whco.music\/wp-content\/uploads\/2025\/09\/Nanci-Belmont-bassoon.png?resize=300%2C300&#038;ssl=1\" alt=\"Portrait of Nanci Belmont\" class=\"wp-image-1242\" srcset=\"https:\/\/i0.wp.com\/whco.music\/wp-content\/uploads\/2025\/09\/Nanci-Belmont-bassoon.png?resize=300%2C300&amp;ssl=1 300w, https:\/\/i0.wp.com\/whco.music\/wp-content\/uploads\/2025\/09\/Nanci-Belmont-bassoon.png?resize=1024%2C1024&amp;ssl=1 1024w, https:\/\/i0.wp.com\/whco.music\/wp-content\/uploads\/2025\/09\/Nanci-Belmont-bassoon.png?resize=150%2C150&amp;ssl=1 150w, https:\/\/i0.wp.com\/whco.music\/wp-content\/uploads\/2025\/09\/Nanci-Belmont-bassoon.png?resize=768%2C768&amp;ssl=1 768w, https:\/\/i0.wp.com\/whco.music\/wp-content\/uploads\/2025\/09\/Nanci-Belmont-bassoon.png?resize=12%2C12&amp;ssl=1 12w, https:\/\/i0.wp.com\/whco.music\/wp-content\/uploads\/2025\/09\/Nanci-Belmont-bassoon.png?resize=800%2C800&amp;ssl=1 800w, https:\/\/i0.wp.com\/whco.music\/wp-content\/uploads\/2025\/09\/Nanci-Belmont-bassoon.png?resize=600%2C600&amp;ssl=1 600w, https:\/\/i0.wp.com\/whco.music\/wp-content\/uploads\/2025\/09\/Nanci-Belmont-bassoon.png?resize=400%2C400&amp;ssl=1 400w, https:\/\/i0.wp.com\/whco.music\/wp-content\/uploads\/2025\/09\/Nanci-Belmont-bassoon.png?resize=200%2C200&amp;ssl=1 200w, https:\/\/i0.wp.com\/whco.music\/wp-content\/uploads\/2025\/09\/Nanci-Belmont-bassoon.png?w=1080&amp;ssl=1 1080w\" sizes=\"auto, (max-width: 300px) 100vw, 300px\" \/><\/figure>\n<\/div>\n\n\n\n<h2 class=\"wp-block-heading\">Conoce a Nanci<\/h2>\n\n\n\n<p class=\"wp-block-paragraph\"><strong>\u00bfA qu\u00e9 edad empez\u00f3 a dedicarse a la m\u00fasica?&nbsp;<\/strong><\/p>\n\n\n\n<p class=\"wp-block-paragraph\">Cant\u00e9 en el coro en la escuela primaria, pero empec\u00e9 con el fagot en la banda en 6\u00ba curso.<\/p>\n\n\n\n<p class=\"wp-block-paragraph\"><strong>\u00bfQu\u00e9 le llev\u00f3 a elegir su instrumento?<\/strong>&nbsp;<\/p>\n\n\n\n<p class=\"wp-block-paragraph\">Sinceramente, pens\u00e9 que quedaba muy bien.&nbsp;<\/p>\n\n\n\n<p class=\"wp-block-paragraph\"><strong>\u00bfQu\u00e9 le gusta de tocar en un entorno m\u00e1s \u00edntimo, como una orquesta de c\u00e1mara?&nbsp;&nbsp;<\/strong><\/p>\n\n\n\n<p class=\"wp-block-paragraph\">Es un placer poder dirigir, seguir y comunicarme musicalmente con mis colegas. Me encanta la m\u00fasica de c\u00e1mara, y la orquesta de c\u00e1mara es m\u00fasica de c\u00e1mara con m\u00e1s gente.&nbsp;<\/p>\n\n\n\n<p class=\"wp-block-paragraph\"><strong>\u00bfCu\u00e1les son sus aficiones fuera de la m\u00fasica?<\/strong>&nbsp;<\/p>\n\n\n\n<p class=\"wp-block-paragraph\">Me encantan los juegos de mesa, leer y las clases de spinning.<\/p>\n\n\n\n<p class=\"wp-block-paragraph\"><strong>\u00bfQu\u00e9 m\u00fasica le gusta escuchar fuera de la m\u00fasica cl\u00e1sica?<\/strong>&nbsp;<\/p>\n\n\n\n<p class=\"wp-block-paragraph\">Ahora estoy con Lady Gaga.<\/p>\n<\/div>","protected":false},"excerpt":{"rendered":"<p>Bassoon A \u201clyrical soloist\u201d with \u201cbeautiful playing in both tone and technique,\u201d bassoonist Nanci Belmont is in demand as a soloist, chamber musician, and orchestral musician. She is a Leitzinger [&hellip;]<\/p>\n","protected":false},"author":270283022,"featured_media":0,"comment_status":"closed","ping_status":"open","sticky":false,"template":"wp-custom-template-bio","format":"standard","meta":{"_acf_changed":false,"_crdt_document":"","inline_featured_image":false,"_price":"","_stock":"","_tribe_ticket_header":"","_tribe_default_ticket_provider":"","_tribe_ticket_capacity":"0","_ticket_start_date":"","_ticket_end_date":"","_tribe_ticket_show_description":"","_tribe_ticket_show_not_going":false,"_tribe_ticket_use_global_stock":"","_tribe_ticket_global_stock_level":"","_global_stock_mode":"","_global_stock_cap":"","_tribe_rsvp_for_event":"","_tribe_ticket_going_count":"","_tribe_ticket_not_going_count":"","_tribe_tickets_list":"[]","_tribe_ticket_has_attendee_info_fields":false,"_EventAllDay":false,"_EventTimezone":"","_EventStartDate":"","_EventEndDate":"","_EventStartDateUTC":"","_EventEndDateUTC":"","_EventShowMap":false,"_EventShowMapLink":false,"_EventURL":"","_EventCost":"","_EventCostDescription":"","_EventCurrencySymbol":"","_EventCurrencyCode":"","_EventCurrencyPosition":"","_EventDateTimeSeparator":"","_EventTimeRangeSeparator":"","_EventOrganizerID":[],"_EventVenueID":[],"_OrganizerEmail":"","_OrganizerPhone":"","_OrganizerWebsite":"","_VenueAddress":"","_VenueCity":"","_VenueCountry":"","_VenueProvince":"","_VenueState":"","_VenueZip":"","_VenuePhone":"","_VenueURL":"","_VenueStateProvince":"","_VenueLat":"","_VenueLng":"","_VenueShowMap":false,"_VenueShowMapLink":false,"_tribe_blocks_recurrence_rules":"","_tribe_blocks_recurrence_description":"","_tribe_blocks_recurrence_exclusions":"","_jetpack_newsletter_access":"","_jetpack_dont_email_post_to_subs":false,"_jetpack_newsletter_tier_id":0,"_jetpack_memberships_contains_paywalled_content":false,"_jetpack_memberships_contains_paid_content":false,"footnotes":"","jetpack_publicize_message":"","jetpack_publicize_feature_enabled":true,"jetpack_social_post_already_shared":false,"jetpack_social_options":{"image_generator_settings":{"template":"highway","default_image_id":0,"font":"","enabled":false},"version":2},"_wpas_customize_per_network":false,"jetpack_post_was_ever_published":false},"categories":[1385,1384],"tags":[],"class_list":["post-1241","post","type-post","status-publish","format-standard","hentry","category-musicians-profiles","category-people"],"acf":[],"yoast_head":"<!-- This site is optimized with the Yoast SEO plugin v27.5 - https:\/\/yoast.com\/product\/yoast-seo-wordpress\/ -->\n<title>Nanci Belmont - WHCO<\/title>\n<meta name=\"robots\" content=\"index, follow, max-snippet:-1, max-image-preview:large, max-video-preview:-1\" \/>\n<link rel=\"canonical\" href=\"https:\/\/whco.music\/es\/people\/nanci-belmont\/\" \/>\n<meta property=\"og:locale\" content=\"es_ES\" \/>\n<meta property=\"og:type\" content=\"article\" \/>\n<meta property=\"og:title\" content=\"Nanci Belmont - WHCO\" \/>\n<meta property=\"og:description\" content=\"Bassoon A \u201clyrical soloist\u201d with \u201cbeautiful playing in both tone and technique,\u201d bassoonist Nanci Belmont is in demand as a soloist, chamber musician, and orchestral musician. She is a Leitzinger [&hellip;]\" \/>\n<meta property=\"og:url\" content=\"https:\/\/whco.music\/es\/people\/nanci-belmont\/\" \/>\n<meta property=\"og:site_name\" content=\"WHCO\" \/>\n<meta property=\"article:published_time\" content=\"2025-09-16T05:20:25+00:00\" \/>\n<meta property=\"article:modified_time\" content=\"2025-11-11T06:09:02+00:00\" \/>\n<meta property=\"og:image\" content=\"https:\/\/whco.music\/wp-content\/uploads\/2025\/09\/Nanci-Belmont-bassoon-300x300.png\" \/>\n<meta name=\"author\" content=\"WHCO\" \/>\n<meta name=\"twitter:card\" content=\"summary_large_image\" \/>\n<meta name=\"twitter:label1\" content=\"Escrito por\" \/>\n\t<meta name=\"twitter:data1\" content=\"WHCO\" \/>\n\t<meta name=\"twitter:label2\" content=\"Tiempo de lectura\" \/>\n\t<meta name=\"twitter:data2\" content=\"1 minuto\" \/>\n<script type=\"application\/ld+json\" class=\"yoast-schema-graph\">{\"@context\":\"https:\\\/\\\/schema.org\",\"@graph\":[{\"@type\":\"Article\",\"@id\":\"https:\\\/\\\/whco.music\\\/people\\\/nanci-belmont\\\/#article\",\"isPartOf\":{\"@id\":\"https:\\\/\\\/whco.music\\\/people\\\/nanci-belmont\\\/\"},\"author\":{\"name\":\"WHCO\",\"@id\":\"https:\\\/\\\/whco.music\\\/#\\\/schema\\\/person\\\/ada2c68efc7b784a7f658018ed45f433\"},\"headline\":\"Nanci Belmont\",\"datePublished\":\"2025-09-16T05:20:25+00:00\",\"dateModified\":\"2025-11-11T06:09:02+00:00\",\"mainEntityOfPage\":{\"@id\":\"https:\\\/\\\/whco.music\\\/people\\\/nanci-belmont\\\/\"},\"wordCount\":240,\"publisher\":{\"@id\":\"https:\\\/\\\/whco.music\\\/#organization\"},\"image\":{\"@id\":\"https:\\\/\\\/whco.music\\\/people\\\/nanci-belmont\\\/#primaryimage\"},\"thumbnailUrl\":\"https:\\\/\\\/whco.music\\\/wp-content\\\/uploads\\\/2025\\\/09\\\/Nanci-Belmont-bassoon-300x300.png\",\"articleSection\":[\"Musicians\",\"People\"],\"inLanguage\":\"es\"},{\"@type\":\"WebPage\",\"@id\":\"https:\\\/\\\/whco.music\\\/people\\\/nanci-belmont\\\/\",\"url\":\"https:\\\/\\\/whco.music\\\/people\\\/nanci-belmont\\\/\",\"name\":\"Nanci Belmont - WHCO\",\"isPartOf\":{\"@id\":\"https:\\\/\\\/whco.music\\\/#website\"},\"primaryImageOfPage\":{\"@id\":\"https:\\\/\\\/whco.music\\\/people\\\/nanci-belmont\\\/#primaryimage\"},\"image\":{\"@id\":\"https:\\\/\\\/whco.music\\\/people\\\/nanci-belmont\\\/#primaryimage\"},\"thumbnailUrl\":\"https:\\\/\\\/whco.music\\\/wp-content\\\/uploads\\\/2025\\\/09\\\/Nanci-Belmont-bassoon-300x300.png\",\"datePublished\":\"2025-09-16T05:20:25+00:00\",\"dateModified\":\"2025-11-11T06:09:02+00:00\",\"breadcrumb\":{\"@id\":\"https:\\\/\\\/whco.music\\\/people\\\/nanci-belmont\\\/#breadcrumb\"},\"inLanguage\":\"es\",\"potentialAction\":[{\"@type\":\"ReadAction\",\"target\":[\"https:\\\/\\\/whco.music\\\/people\\\/nanci-belmont\\\/\"]}]},{\"@type\":\"ImageObject\",\"inLanguage\":\"es\",\"@id\":\"https:\\\/\\\/whco.music\\\/people\\\/nanci-belmont\\\/#primaryimage\",\"url\":\"https:\\\/\\\/whco.music\\\/wp-content\\\/uploads\\\/2025\\\/09\\\/Nanci-Belmont-bassoon-300x300.png\",\"contentUrl\":\"https:\\\/\\\/whco.music\\\/wp-content\\\/uploads\\\/2025\\\/09\\\/Nanci-Belmont-bassoon-300x300.png\"},{\"@type\":\"BreadcrumbList\",\"@id\":\"https:\\\/\\\/whco.music\\\/people\\\/nanci-belmont\\\/#breadcrumb\",\"itemListElement\":[{\"@type\":\"ListItem\",\"position\":1,\"name\":\"Home\",\"item\":\"https:\\\/\\\/whco.music\\\/\"},{\"@type\":\"ListItem\",\"position\":2,\"name\":\"Nanci Belmont\"}]},{\"@type\":\"WebSite\",\"@id\":\"https:\\\/\\\/whco.music\\\/#website\",\"url\":\"https:\\\/\\\/whco.music\\\/\",\"name\":\"WHCO\",\"description\":\"The official website of WHCO\",\"publisher\":{\"@id\":\"https:\\\/\\\/whco.music\\\/#organization\"},\"potentialAction\":[{\"@type\":\"SearchAction\",\"target\":{\"@type\":\"EntryPoint\",\"urlTemplate\":\"https:\\\/\\\/whco.music\\\/?s={search_term_string}\"},\"query-input\":{\"@type\":\"PropertyValueSpecification\",\"valueRequired\":true,\"valueName\":\"search_term_string\"}}],\"inLanguage\":\"es\"},{\"@type\":\"Organization\",\"@id\":\"https:\\\/\\\/whco.music\\\/#organization\",\"name\":\"WHCO\",\"alternateName\":\"Get Inspired With Us\",\"url\":\"https:\\\/\\\/whco.music\\\/\",\"logo\":{\"@type\":\"ImageObject\",\"inLanguage\":\"es\",\"@id\":\"https:\\\/\\\/whco.music\\\/#\\\/schema\\\/logo\\\/image\\\/\",\"url\":\"https:\\\/\\\/whco.music\\\/wp-content\\\/uploads\\\/2025\\\/08\\\/cropped-Small-Format-Black.png\",\"contentUrl\":\"https:\\\/\\\/whco.music\\\/wp-content\\\/uploads\\\/2025\\\/08\\\/cropped-Small-Format-Black.png\",\"width\":512,\"height\":512,\"caption\":\"WHCO\"},\"image\":{\"@id\":\"https:\\\/\\\/whco.music\\\/#\\\/schema\\\/logo\\\/image\\\/\"}},{\"@type\":\"Person\",\"@id\":\"https:\\\/\\\/whco.music\\\/#\\\/schema\\\/person\\\/ada2c68efc7b784a7f658018ed45f433\",\"name\":\"WHCO\",\"image\":{\"@type\":\"ImageObject\",\"inLanguage\":\"es\",\"@id\":\"https:\\\/\\\/secure.gravatar.com\\\/avatar\\\/5fc980f5c14d618663aee27b4b815e1242a293f16c0ef211ca6b7f4bc9da5cb5?s=96&d=identicon&r=g\",\"url\":\"https:\\\/\\\/secure.gravatar.com\\\/avatar\\\/5fc980f5c14d618663aee27b4b815e1242a293f16c0ef211ca6b7f4bc9da5cb5?s=96&d=identicon&r=g\",\"contentUrl\":\"https:\\\/\\\/secure.gravatar.com\\\/avatar\\\/5fc980f5c14d618663aee27b4b815e1242a293f16c0ef211ca6b7f4bc9da5cb5?s=96&d=identicon&r=g\",\"caption\":\"WHCO\"},\"sameAs\":[\"http:\\\/\\\/info0d835efc9a6-dzxor.wordpress.com\"],\"url\":\"https:\\\/\\\/whco.music\\\/es\\\/author\\\/info0d835efc9a6\\\/\"}]}<\/script>\n<!-- \/ Yoast SEO plugin. -->","yoast_head_json":{"title":"Nanci Belmont - WHCO","robots":{"index":"index","follow":"follow","max-snippet":"max-snippet:-1","max-image-preview":"max-image-preview:large","max-video-preview":"max-video-preview:-1"},"canonical":"https:\/\/whco.music\/es\/people\/nanci-belmont\/","og_locale":"es_ES","og_type":"article","og_title":"Nanci Belmont - WHCO","og_description":"Bassoon A \u201clyrical soloist\u201d with \u201cbeautiful playing in both tone and technique,\u201d bassoonist Nanci Belmont is in demand as a soloist, chamber musician, and orchestral musician. She is a Leitzinger [&hellip;]","og_url":"https:\/\/whco.music\/es\/people\/nanci-belmont\/","og_site_name":"WHCO","article_published_time":"2025-09-16T05:20:25+00:00","article_modified_time":"2025-11-11T06:09:02+00:00","og_image":[{"url":"https:\/\/whco.music\/wp-content\/uploads\/2025\/09\/Nanci-Belmont-bassoon-300x300.png","type":"","width":"","height":""}],"author":"WHCO","twitter_card":"summary_large_image","twitter_misc":{"Escrito por":"WHCO","Tiempo de lectura":"1 minuto"},"schema":{"@context":"https:\/\/schema.org","@graph":[{"@type":"Article","@id":"https:\/\/whco.music\/people\/nanci-belmont\/#article","isPartOf":{"@id":"https:\/\/whco.music\/people\/nanci-belmont\/"},"author":{"name":"WHCO","@id":"https:\/\/whco.music\/#\/schema\/person\/ada2c68efc7b784a7f658018ed45f433"},"headline":"Nanci Belmont","datePublished":"2025-09-16T05:20:25+00:00","dateModified":"2025-11-11T06:09:02+00:00","mainEntityOfPage":{"@id":"https:\/\/whco.music\/people\/nanci-belmont\/"},"wordCount":240,"publisher":{"@id":"https:\/\/whco.music\/#organization"},"image":{"@id":"https:\/\/whco.music\/people\/nanci-belmont\/#primaryimage"},"thumbnailUrl":"https:\/\/whco.music\/wp-content\/uploads\/2025\/09\/Nanci-Belmont-bassoon-300x300.png","articleSection":["Musicians","People"],"inLanguage":"es"},{"@type":"WebPage","@id":"https:\/\/whco.music\/people\/nanci-belmont\/","url":"https:\/\/whco.music\/people\/nanci-belmont\/","name":"Nanci Belmont - WHCO","isPartOf":{"@id":"https:\/\/whco.music\/#website"},"primaryImageOfPage":{"@id":"https:\/\/whco.music\/people\/nanci-belmont\/#primaryimage"},"image":{"@id":"https:\/\/whco.music\/people\/nanci-belmont\/#primaryimage"},"thumbnailUrl":"https:\/\/whco.music\/wp-content\/uploads\/2025\/09\/Nanci-Belmont-bassoon-300x300.png","datePublished":"2025-09-16T05:20:25+00:00","dateModified":"2025-11-11T06:09:02+00:00","breadcrumb":{"@id":"https:\/\/whco.music\/people\/nanci-belmont\/#breadcrumb"},"inLanguage":"es","potentialAction":[{"@type":"ReadAction","target":["https:\/\/whco.music\/people\/nanci-belmont\/"]}]},{"@type":"ImageObject","inLanguage":"es","@id":"https:\/\/whco.music\/people\/nanci-belmont\/#primaryimage","url":"https:\/\/whco.music\/wp-content\/uploads\/2025\/09\/Nanci-Belmont-bassoon-300x300.png","contentUrl":"https:\/\/whco.music\/wp-content\/uploads\/2025\/09\/Nanci-Belmont-bassoon-300x300.png"},{"@type":"BreadcrumbList","@id":"https:\/\/whco.music\/people\/nanci-belmont\/#breadcrumb","itemListElement":[{"@type":"ListItem","position":1,"name":"Home","item":"https:\/\/whco.music\/"},{"@type":"ListItem","position":2,"name":"Nanci Belmont"}]},{"@type":"WebSite","@id":"https:\/\/whco.music\/#website","url":"https:\/\/whco.music\/","name":"WHCO","description":"Sitio web oficial de la WHCO","publisher":{"@id":"https:\/\/whco.music\/#organization"},"potentialAction":[{"@type":"SearchAction","target":{"@type":"EntryPoint","urlTemplate":"https:\/\/whco.music\/?s={search_term_string}"},"query-input":{"@type":"PropertyValueSpecification","valueRequired":true,"valueName":"search_term_string"}}],"inLanguage":"es"},{"@type":"Organization","@id":"https:\/\/whco.music\/#organization","name":"WHCO","alternateName":"Get Inspired With Us","url":"https:\/\/whco.music\/","logo":{"@type":"ImageObject","inLanguage":"es","@id":"https:\/\/whco.music\/#\/schema\/logo\/image\/","url":"https:\/\/whco.music\/wp-content\/uploads\/2025\/08\/cropped-Small-Format-Black.png","contentUrl":"https:\/\/whco.music\/wp-content\/uploads\/2025\/08\/cropped-Small-Format-Black.png","width":512,"height":512,"caption":"WHCO"},"image":{"@id":"https:\/\/whco.music\/#\/schema\/logo\/image\/"}},{"@type":"Person","@id":"https:\/\/whco.music\/#\/schema\/person\/ada2c68efc7b784a7f658018ed45f433","name":"WHCO","image":{"@type":"ImageObject","inLanguage":"es","@id":"https:\/\/secure.gravatar.com\/avatar\/5fc980f5c14d618663aee27b4b815e1242a293f16c0ef211ca6b7f4bc9da5cb5?s=96&d=identicon&r=g","url":"https:\/\/secure.gravatar.com\/avatar\/5fc980f5c14d618663aee27b4b815e1242a293f16c0ef211ca6b7f4bc9da5cb5?s=96&d=identicon&r=g","contentUrl":"https:\/\/secure.gravatar.com\/avatar\/5fc980f5c14d618663aee27b4b815e1242a293f16c0ef211ca6b7f4bc9da5cb5?s=96&d=identicon&r=g","caption":"WHCO"},"sameAs":["http:\/\/info0d835efc9a6-dzxor.wordpress.com"],"url":"https:\/\/whco.music\/es\/author\/info0d835efc9a6\/"}]}},"jetpack_publicize_connections":[],"jetpack_featured_media_url":"","jetpack_sharing_enabled":true,"jetpack_shortlink":"https:\/\/wp.me\/pgKNwn-k1","jetpack-related-posts":[{"id":1224,"url":"https:\/\/whco.music\/es\/people\/valeriya-sholokhova\/","url_meta":{"origin":1241,"position":0},"title":"Valeriya Sholokhova","author":"WHCO","date":"septiembre 16, 2025","format":false,"excerpt":"Cello Ukrainian-American cellist Valeriya Sholokhova is a versatile soloist and chamber musician based in New York City. As a soloist, she has performed the U.S. premieres of Peteris Vasks\u2019 Cello Concerto No. 2 in Boston and Camille Pepin\u2019s double concerto, \u201cThe Sound of Trees,\u201d at the Kennedy Center. She is\u2026","rel":"","context":"En \u00abMusicians\u00bb","block_context":{"text":"Musicians","link":"https:\/\/whco.music\/es\/category\/people\/musicians-profiles\/"},"img":{"alt_text":"","src":"https:\/\/i0.wp.com\/whco.music\/wp-content\/uploads\/2025\/09\/Valeriya-Sholokhova-cello.png?fit=1080%2C1080&ssl=1&resize=350%2C200","width":350,"height":200,"srcset":"https:\/\/i0.wp.com\/whco.music\/wp-content\/uploads\/2025\/09\/Valeriya-Sholokhova-cello.png?fit=1080%2C1080&ssl=1&resize=350%2C200 1x, https:\/\/i0.wp.com\/whco.music\/wp-content\/uploads\/2025\/09\/Valeriya-Sholokhova-cello.png?fit=1080%2C1080&ssl=1&resize=525%2C300 1.5x, https:\/\/i0.wp.com\/whco.music\/wp-content\/uploads\/2025\/09\/Valeriya-Sholokhova-cello.png?fit=1080%2C1080&ssl=1&resize=700%2C400 2x, https:\/\/i0.wp.com\/whco.music\/wp-content\/uploads\/2025\/09\/Valeriya-Sholokhova-cello.png?fit=1080%2C1080&ssl=1&resize=1050%2C600 3x"},"classes":[]},{"id":865,"url":"https:\/\/whco.music\/es\/people\/mark-chien\/","url_meta":{"origin":1241,"position":1},"title":"Mark Chien","author":"WHCO","date":"septiembre 12, 2025","format":false,"excerpt":"Violin Violinist Mark Chien made his solo debut at the age of 13 with the Greenwich Symphony. He is the concertmaster of the Sarasota Opera Orchestra and WHCO. Additionally, Mark performs internationally with the Sejong Soloists and the Verbier Festival Chamber Orchestra. He also appears regularly with The Orchestra San\u2026","rel":"","context":"En \u00abMusicians\u00bb","block_context":{"text":"Musicians","link":"https:\/\/whco.music\/es\/category\/people\/musicians-profiles\/"},"img":{"alt_text":"","src":"https:\/\/i0.wp.com\/whco.music\/wp-content\/uploads\/2025\/09\/Mark-Chien-violin-1.png?resize=350%2C200&ssl=1","width":350,"height":200,"srcset":"https:\/\/i0.wp.com\/whco.music\/wp-content\/uploads\/2025\/09\/Mark-Chien-violin-1.png?resize=350%2C200&ssl=1 1x, https:\/\/i0.wp.com\/whco.music\/wp-content\/uploads\/2025\/09\/Mark-Chien-violin-1.png?resize=525%2C300&ssl=1 1.5x, https:\/\/i0.wp.com\/whco.music\/wp-content\/uploads\/2025\/09\/Mark-Chien-violin-1.png?resize=700%2C400&ssl=1 2x, https:\/\/i0.wp.com\/whco.music\/wp-content\/uploads\/2025\/09\/Mark-Chien-violin-1.png?resize=1050%2C600&ssl=1 3x"},"classes":[]},{"id":1250,"url":"https:\/\/whco.music\/es\/people\/connor-holland\/","url_meta":{"origin":1241,"position":2},"title":"Connor Holland","author":"WHCO","date":"septiembre 16, 2025","format":false,"excerpt":"Trumpet Born in Sicily, raised in Florida, Connor Holland is a versatile musician navigating a wide array of genres across the East Coast. From serving as Principal Trumpet of Washington Heights Chamber Orchestra to performing alongside Grammy Award-winning Arturo O\u2019Farrill in the latin jazz ensemble BronX BandA, his playing has\u2026","rel":"","context":"En \u00abMusicians\u00bb","block_context":{"text":"Musicians","link":"https:\/\/whco.music\/es\/category\/people\/musicians-profiles\/"},"img":{"alt_text":"","src":"https:\/\/i0.wp.com\/whco.music\/wp-content\/uploads\/2025\/09\/Connor-Holland-trumpet.png?resize=350%2C200&ssl=1","width":350,"height":200,"srcset":"https:\/\/i0.wp.com\/whco.music\/wp-content\/uploads\/2025\/09\/Connor-Holland-trumpet.png?resize=350%2C200&ssl=1 1x, https:\/\/i0.wp.com\/whco.music\/wp-content\/uploads\/2025\/09\/Connor-Holland-trumpet.png?resize=525%2C300&ssl=1 1.5x, https:\/\/i0.wp.com\/whco.music\/wp-content\/uploads\/2025\/09\/Connor-Holland-trumpet.png?resize=700%2C400&ssl=1 2x, https:\/\/i0.wp.com\/whco.music\/wp-content\/uploads\/2025\/09\/Connor-Holland-trumpet.png?resize=1050%2C600&ssl=1 3x"},"classes":[]},{"id":1235,"url":"https:\/\/whco.music\/es\/people\/karen-birch-blundell\/","url_meta":{"origin":1241,"position":3},"title":"Karen Birch Blundell","author":"WHCO","date":"septiembre 16, 2025","format":false,"excerpt":"Oboe Karen Birch Blundell, oboe and English horn, is a member of the Northeastern Pennsylvania Philharmonic, Eastern Festival Orchestra and is a former member of the Sarasota Orchestra. Karen has been a guest musician with the Albany Symphony, American Symphony Orchestra, Cincinnati Symphony, Hartford Symphony, Houston Symphony, Florida Orchestra, Naples\u2026","rel":"","context":"En \u00abMusicians\u00bb","block_context":{"text":"Musicians","link":"https:\/\/whco.music\/es\/category\/people\/musicians-profiles\/"},"img":{"alt_text":"Portrait of Karen Birch Blundell","src":"https:\/\/i0.wp.com\/whco.music\/wp-content\/uploads\/2025\/09\/Karen-Birch-Blundell-oboe.png?resize=350%2C200&ssl=1","width":350,"height":200,"srcset":"https:\/\/i0.wp.com\/whco.music\/wp-content\/uploads\/2025\/09\/Karen-Birch-Blundell-oboe.png?resize=350%2C200&ssl=1 1x, https:\/\/i0.wp.com\/whco.music\/wp-content\/uploads\/2025\/09\/Karen-Birch-Blundell-oboe.png?resize=525%2C300&ssl=1 1.5x, https:\/\/i0.wp.com\/whco.music\/wp-content\/uploads\/2025\/09\/Karen-Birch-Blundell-oboe.png?resize=700%2C400&ssl=1 2x, https:\/\/i0.wp.com\/whco.music\/wp-content\/uploads\/2025\/09\/Karen-Birch-Blundell-oboe.png?resize=1050%2C600&ssl=1 3x"},"classes":[]},{"id":1232,"url":"https:\/\/whco.music\/es\/people\/anna-urrey\/","url_meta":{"origin":1241,"position":4},"title":"Anna Urrey","author":"WHCO","date":"septiembre 16, 2025","format":false,"excerpt":"Flute Flutist Anna Urrey is a versatile solo, chamber, and orchestral musician. She has performed with renowned groups such as The Knights, New Jersey Symphony, American Symphony, and the International Contemporary Ensemble. She has also appeared on Broadway in Camelot as a substitute and was a chair holder in the\u2026","rel":"","context":"En \u00abMusicians\u00bb","block_context":{"text":"Musicians","link":"https:\/\/whco.music\/es\/category\/people\/musicians-profiles\/"},"img":{"alt_text":"","src":"https:\/\/i0.wp.com\/whco.music\/wp-content\/uploads\/2025\/09\/Anna-Urrey-flute.png?resize=350%2C200&ssl=1","width":350,"height":200,"srcset":"https:\/\/i0.wp.com\/whco.music\/wp-content\/uploads\/2025\/09\/Anna-Urrey-flute.png?resize=350%2C200&ssl=1 1x, https:\/\/i0.wp.com\/whco.music\/wp-content\/uploads\/2025\/09\/Anna-Urrey-flute.png?resize=525%2C300&ssl=1 1.5x, https:\/\/i0.wp.com\/whco.music\/wp-content\/uploads\/2025\/09\/Anna-Urrey-flute.png?resize=700%2C400&ssl=1 2x, https:\/\/i0.wp.com\/whco.music\/wp-content\/uploads\/2025\/09\/Anna-Urrey-flute.png?resize=1050%2C600&ssl=1 3x"},"classes":[]},{"id":1228,"url":"https:\/\/whco.music\/es\/people\/milad-daniari\/","url_meta":{"origin":1241,"position":5},"title":"Milad Daniari","author":"WHCO","date":"septiembre 16, 2025","format":false,"excerpt":"Bass Milad Daniari holds the position of Principal Bass with New York Classical Players and Pegasus: The Orchestra. He has performed as Principal Bass with Ireland\u2019s National Symphony Orchestra; American Symphony Orchestra; Riverside Symphony, and regularly appears with the American Ballet Theatre, Festival Orchestra of Lincoln Center, Musica Sacra, New\u2026","rel":"","context":"En \u00abMusicians\u00bb","block_context":{"text":"Musicians","link":"https:\/\/whco.music\/es\/category\/people\/musicians-profiles\/"},"img":{"alt_text":"Portrait of Milad Daniari","src":"https:\/\/i0.wp.com\/whco.music\/wp-content\/uploads\/2025\/09\/Milad-Daniari-bass.png?resize=350%2C200&ssl=1","width":350,"height":200,"srcset":"https:\/\/i0.wp.com\/whco.music\/wp-content\/uploads\/2025\/09\/Milad-Daniari-bass.png?resize=350%2C200&ssl=1 1x, https:\/\/i0.wp.com\/whco.music\/wp-content\/uploads\/2025\/09\/Milad-Daniari-bass.png?resize=525%2C300&ssl=1 1.5x, https:\/\/i0.wp.com\/whco.music\/wp-content\/uploads\/2025\/09\/Milad-Daniari-bass.png?resize=700%2C400&ssl=1 2x, https:\/\/i0.wp.com\/whco.music\/wp-content\/uploads\/2025\/09\/Milad-Daniari-bass.png?resize=1050%2C600&ssl=1 3x"},"classes":[]}],"_links":{"self":[{"href":"https:\/\/whco.music\/es\/wp-json\/wp\/v2\/posts\/1241","targetHints":{"allow":["GET"]}}],"collection":[{"href":"https:\/\/whco.music\/es\/wp-json\/wp\/v2\/posts"}],"about":[{"href":"https:\/\/whco.music\/es\/wp-json\/wp\/v2\/types\/post"}],"author":[{"embeddable":true,"href":"https:\/\/whco.music\/es\/wp-json\/wp\/v2\/users\/270283022"}],"replies":[{"embeddable":true,"href":"https:\/\/whco.music\/es\/wp-json\/wp\/v2\/comments?post=1241"}],"version-history":[{"count":4,"href":"https:\/\/whco.music\/es\/wp-json\/wp\/v2\/posts\/1241\/revisions"}],"predecessor-version":[{"id":1887,"href":"https:\/\/whco.music\/es\/wp-json\/wp\/v2\/posts\/1241\/revisions\/1887"}],"wp:attachment":[{"href":"https:\/\/whco.music\/es\/wp-json\/wp\/v2\/media?parent=1241"}],"wp:term":[{"taxonomy":"category","embeddable":true,"href":"https:\/\/whco.music\/es\/wp-json\/wp\/v2\/categories?post=1241"},{"taxonomy":"post_tag","embeddable":true,"href":"https:\/\/whco.music\/es\/wp-json\/wp\/v2\/tags?post=1241"}],"curies":[{"name":"wp","href":"https:\/\/api.w.org\/{rel}","templated":true}]}}